{"id":785,"date":"2022-06-19T18:22:50","date_gmt":"2022-06-19T16:22:50","guid":{"rendered":"http:\/\/danielaamberg.de\/en\/?p=785"},"modified":"2023-08-15T16:09:42","modified_gmt":"2023-08-15T14:09:42","slug":"grenzen-setzen-nein-sagen-warum-es-beangstigend-sein-kann","status":"publish","type":"post","link":"https:\/\/danielaamberg.de\/en\/grenzen-setzen-nein-sagen-warum-es-beangstigend-sein-kann\/","title":{"rendered":"Grenzen setzen &#038; nein sagen: warum es be\u00e4ngstigend sein kann"},"content":{"rendered":"<p><img loading=\"lazy\" decoding=\"async\" class=\"alignnone wp-image-784 size-large\" src=\"http:\/\/danielaamberg.de\/en\/wp-content\/uploads\/sites\/2\/2022\/06\/Stop_Geste-1024x1024.jpg\" alt=\"Grenzen setzen &amp; nein sagen\" width=\"1024\" height=\"1024\" srcset=\"https:\/\/danielaamberg.de\/en\/wp-content\/uploads\/sites\/2\/2022\/06\/Stop_Geste-1024x1024.jpg 1024w, https:\/\/danielaamberg.de\/en\/wp-content\/uploads\/sites\/2\/2022\/06\/Stop_Geste-300x300.jpg 300w, https:\/\/danielaamberg.de\/en\/wp-content\/uploads\/sites\/2\/2022\/06\/Stop_Geste-150x150.jpg 150w, https:\/\/danielaamberg.de\/en\/wp-content\/uploads\/sites\/2\/2022\/06\/Stop_Geste-768x768.jpg 768w, https:\/\/danielaamberg.de\/en\/wp-content\/uploads\/sites\/2\/2022\/06\/Stop_Geste-400x400.jpg 400w, https:\/\/danielaamberg.de\/en\/wp-content\/uploads\/sites\/2\/2022\/06\/Stop_Geste-340x340.jpg 340w, https:\/\/danielaamberg.de\/en\/wp-content\/uploads\/sites\/2\/2022\/06\/Stop_Geste-60x60.jpg 60w, https:\/\/danielaamberg.de\/en\/wp-content\/uploads\/sites\/2\/2022\/06\/Stop_Geste.jpg 1080w\" sizes=\"auto, (max-width: 1024px) 100vw, 1024px\" \/><\/p>\n<p>Grenzen zu setzen und nein zu sagen ist f\u00fcr viele von uns schwierig. Einer der Gr\u00fcnde daf\u00fcr ist, dass es in der Vergangenheit nicht sicher f\u00fcr uns war gesunde Grenzen zu setzen.<\/p>\n<p>Wir kommen auf die Welt wissend, was unsere Grenzen sind und wie man sie kommuniziert. Wir wissen, wann wir gef\u00fcttert werden wollen, wann wir gehalten werden wollen, wann wir wieder losgelassen werden wollen, auf wessen Arm wir sein wollen und auf wessen nicht. Als Babys und Kleinkinder kennen wir unsere innere Wahrheit und diese innere Wahrheit ist die Basis f\u00fcr unsere Grenzen.<\/p>\n<p>F\u00fcr viele Menschen war es jedoch w\u00e4hrend des Heranwachsens nicht sicher <strong>Grenzen auf Basis der inneren Wahrheit<\/strong> zu kommunizieren. Wenn wir beispielsweise gesagt haben: \u201eIch m\u00f6chte Onkel Willi kein K\u00fcsschen geben\u201c haben wir vielleicht zu h\u00f6ren bekommen: \u201eNat\u00fcrlich gibst Du Onkel Willi ein K\u00fcsschen!\u201c oder \u201eSei nicht so unfreundlich und egoistisch, das ist verletzend f\u00fcr Onkel Willi!\u201c. Unsere innere Wahrheit wurde \u00fcbergangen, manipuliert oder von uns weggenommen. Das ver\u00e4ndert unseren Umgang mit Grenzen setzen &amp; nein sagen.<\/p>\n<p>Vielleicht sind wir in einem Familiensystem aufgewachsen, in dem es nicht m\u00f6glich war, NEIN zu etwas zu sagen, ohne daf\u00fcr besch\u00e4mt oder bestraft zu werden. Oder wir hatten generell keine M\u00f6glichkeit zu entscheiden, was oder wer nah uns herankam. M\u00f6glicherweise wurden die Rollen vertauscht und wir als Kinder wurden f\u00fcr das Wohl unserer Erziehungspersonen verantwortlich gemacht oder bekamen die Rolle der Retter*in.<\/p>\n<h4>Unser System passt sich immer so an, dass wir sicher sind<\/h4>\n<p>Als Konsequenz haben wir gelernt, Grenzen auf Basis der W\u00fcnsche anderer Menschen zu setzen oder basierend darauf, was uns in unserem Mikrokosmos sicher sein lie\u00df. Unser Fokus hat sich wegbewegt von unserer inneren Wahrheit hin zu dem, was unsere Bezugspersonen von uns wollen. Unser intelligentes System hat sich damit so angepasst, dass wir die Zugeh\u00f6rigkeit und Zuneigung bekamen, die wir brauchten.<\/p>\n<p>Wenn wir aus einem gef\u00e4hrlichen oder vernachl\u00e4ssigenden Familiensystem kommen, kann es sein, dass wir gelernt haben rigide Grenzen zu setzen, um uns sicher zu f\u00fchlen. Dann neigen wir eher dazu nichts und niemand nah an uns ranzulassen und automatisch NEIN zu sagen.<\/p>\n<h4>Heilung unseres Grenzverhaltens<\/h4>\n<p>Ein erster Schritt in Richtung Heilung unseres Grenzverhaltens ist es, neugierig zu werden auf unsere <strong>innere Wahrheit<\/strong>. Mit welchem Lebensbereich m\u00f6chtest Du anfangen: Arbeitsleben, Partnerschaft, Familie oder Freundschaften? Was ist Deine Wahrheit zu einem bestimmten Thema? Was ist zu viel oder einfach nicht passend f\u00fcr Dich? Es ist gut, zuerst in Kontakt mit seiner inneren Wahrheit zu kommen und dann, wenn man bereit ist, einen ertr\u00e4glichen Schritt Richtung Grenzsetzung zu gehen.<\/p>\n<p><strong>Du w\u00fcnschst Dir individuelle, zielgerichtete und empathische Unterst\u00fctzung, um weiterzukommen? Dann ist eine Empowerment Session das Richtige \u2013 pers\u00f6nlich in Aachen, per Telefon oder \u00fcber eine digitale Plattform Deiner Wahl.\u00a0<\/strong><\/p>\n<h5>EINE EMPOWERMENT SESSION BEINHALTET<\/h5>\n<ul>\n<li>1 Vorab-Fragebogen mit dessen Hilfe Du definierst, wo Du gerade stehst und was Du mithilfe der Session erreichen m\u00f6chtest.<\/li>\n<li>1x 60 Minuten ma\u00dfgeschneiderte Coaching Session PERS\u00d6NLICH in Aachen, via Telefon oder digitale Plattform Deiner Wahl.<\/li>\n<li>Kosten: 100 \u20ac inkl. Mwst. f\u00fcr Erst-Session inkl. Arbeitsbl\u00e4tter (60 min.), 90 \u20ac inkl. Mwst. f\u00fcr Folge-Sessions inkl. Arbeitsbl\u00e4tter (60 min.)<\/li>\n<\/ul>\n<p><strong>Du erreichst mich am besten \u00fcber: daniela.amberg@gmx.de oder telefonisch unter: 0172 2507341<br \/>\n<\/strong><strong><br \/>\n<\/strong>Vielleicht m\u00f6chtest Du zuerst an einem Vortrag oder Workshop teilnehmen. Aktuelle Termine findest Du hier:\u00a0<a href=\"http:\/\/danielaamberg.de\/events\">http:\/\/danielaamberg.de\/events<\/a>\/ oder hier:\u00a0<a href=\"https:\/\/www.facebook.com\/lifecoachdanielaamberg\/\">https:\/\/www.facebook.com\/lifecoachdanielaamberg\/<\/a><\/p>\n<p>Im 2. Halbjahr 2023 biete ich einen <strong>Online Vortrag<\/strong> zu dem Thema an: &#8220;<strong>Das autonome Nervensystem: Grenzen setzen &amp; nein sagen<\/strong>&#8221; am <strong>07.11.<\/strong> an der VHS K\u00f6ln <a href=\"https:\/\/vhs-koeln.de\/Veranstaltung\/titel-Das+autonome+Nervensystem%3A+Grenzen+setzen+%26+nein+sagen\/cmx64130587cb449.html\">https:\/\/vhs-koeln.de\/Veranstaltung\/titel-Das+autonome+Nervensystem%3A+Grenzen+setzen+%26+nein+sagen\/cmx64130587cb449.html <\/a>und einen noch buchbaren Workshop zum Thema <strong>Grenzen setzen &amp; nein sagen<\/strong> an &#8211; am <strong>25.11<\/strong>. an der<strong>\u00a0VHS D\u00fcsseldorf<\/strong> <a href=\"https:\/\/vhs.duesseldorf.de\/vhs\/allgemeinundberuflich0\/psychologie-gesundheit-und-bewegung.html?kathaupt=11&amp;knr=C801220&amp;kursname=Seminar+Grenzen+setzen+und+nein+sagen+ohne+sich+schlecht+zu+fuehlen&amp;katid=679\">https:\/\/vhs.duesseldorf.de\/vhs\/allgemeinundberuflich0\/psychologie-gesundheit-und-bewegung.html?kathaupt=11&amp;knr=C801220&amp;kursname=Seminar+Grenzen+setzen+und+nein+sagen+ohne+sich+schlecht+zu+fuehlen&amp;katid=679<\/a><\/p>\n<p>&nbsp;<\/p>\n<p>&nbsp;<\/p>\n<p>&nbsp;<\/p>\n<p>&nbsp;<\/p>\n","protected":false},"excerpt":{"rendered":"<p>Grenzen zu setzen und nein zu sagen ist f\u00fcr viele von uns schwierig. Einer der Gr\u00fcnde daf\u00fcr ist, dass es in der Vergangenheit nicht sicher f\u00fcr uns war gesunde Grenzen zu setzen. Wir kommen auf die Welt wissend, was unsere Grenzen sind und wie man sie kommuniziert. Wir wissen, wann &hellip;<\/p>\n","protected":false},"author":2,"featured_media":0,"comment_status":"closed","ping_status":"closed","sticky":false,"template":"","format":"standard","meta":{"footnotes":""},"categories":[1],"tags":[121,134,135,138,136],"class_list":["post-785","post","type-post","status-publish","format-standard","hentry","category-heal-your-heart","tag-autonomes-nervensystem","tag-bindungstrauma","tag-entwicklungstrauma","tag-posttraumatische-belastungsstorung","tag-schocktrauma"],"yoast_head":"<!-- This site is optimized with the Yoast SEO plugin v27.4 - https:\/\/yoast.com\/product\/yoast-seo-wordpress\/ -->\n<title>Grenzen setzen &amp; nein sagen<\/title>\n<meta name=\"description\" content=\"Grenzen zu setzen und nein zu sagen ist f\u00fcr viele von uns schwierig. Einer der Gr\u00fcnde daf\u00fcr ist, dass es in der Vergangenheit nicht sicher\" \/>\n<meta name=\"robots\" content=\"index, follow, max-snippet:-1, max-image-preview:large, max-video-preview:-1\" \/>\n<link rel=\"canonical\" href=\"https:\/\/danielaamberg.de\/en\/grenzen-setzen-nein-sagen-warum-es-beangstigend-sein-kann\/\" \/>\n<meta property=\"og:locale\" content=\"en_GB\" \/>\n<meta property=\"og:type\" content=\"article\" \/>\n<meta property=\"og:title\" content=\"Grenzen setzen &amp; nein sagen\" \/>\n<meta property=\"og:description\" content=\"Grenzen zu setzen und nein zu sagen ist f\u00fcr viele von uns schwierig. Einer der Gr\u00fcnde daf\u00fcr ist, dass es in der Vergangenheit nicht sicher\" \/>\n<meta property=\"og:url\" content=\"https:\/\/danielaamberg.de\/en\/grenzen-setzen-nein-sagen-warum-es-beangstigend-sein-kann\/\" \/>\n<meta property=\"og:site_name\" content=\"Daniela Amberg\" \/>\n<meta property=\"article:publisher\" content=\"https:\/\/www.facebook.com\/lifecoachdanielaamberg\/\" \/>\n<meta property=\"article:published_time\" content=\"2022-06-19T16:22:50+00:00\" \/>\n<meta property=\"article:modified_time\" content=\"2023-08-15T14:09:42+00:00\" \/>\n<meta property=\"og:image\" content=\"http:\/\/danielaamberg.de\/en\/wp-content\/uploads\/sites\/2\/2022\/06\/Stop_Geste-1024x1024.jpg\" \/>\n<meta name=\"author\" content=\"danielaamberg\" \/>\n<meta name=\"twitter:card\" content=\"summary_large_image\" \/>\n<meta name=\"twitter:label1\" content=\"Written by\" \/>\n\t<meta name=\"twitter:data1\" content=\"danielaamberg\" \/>\n\t<meta name=\"twitter:label2\" content=\"Estimated reading time\" \/>\n\t<meta name=\"twitter:data2\" content=\"3 minutes\" \/>\n<script type=\"application\/ld+json\" class=\"yoast-schema-graph\">{\"@context\":\"https:\\\/\\\/schema.org\",\"@graph\":[{\"@type\":\"Article\",\"@id\":\"https:\\\/\\\/danielaamberg.de\\\/en\\\/grenzen-setzen-nein-sagen-warum-es-beangstigend-sein-kann\\\/#article\",\"isPartOf\":{\"@id\":\"https:\\\/\\\/danielaamberg.de\\\/en\\\/grenzen-setzen-nein-sagen-warum-es-beangstigend-sein-kann\\\/\"},\"author\":{\"name\":\"danielaamberg\",\"@id\":\"https:\\\/\\\/danielaamberg.de\\\/en\\\/#\\\/schema\\\/person\\\/3c20a2d0e634dabddd4bc1c9471eb2db\"},\"headline\":\"Grenzen setzen &#038; nein sagen: warum es be\u00e4ngstigend sein kann\",\"datePublished\":\"2022-06-19T16:22:50+00:00\",\"dateModified\":\"2023-08-15T14:09:42+00:00\",\"mainEntityOfPage\":{\"@id\":\"https:\\\/\\\/danielaamberg.de\\\/en\\\/grenzen-setzen-nein-sagen-warum-es-beangstigend-sein-kann\\\/\"},\"wordCount\":683,\"image\":{\"@id\":\"https:\\\/\\\/danielaamberg.de\\\/en\\\/grenzen-setzen-nein-sagen-warum-es-beangstigend-sein-kann\\\/#primaryimage\"},\"thumbnailUrl\":\"http:\\\/\\\/danielaamberg.de\\\/en\\\/wp-content\\\/uploads\\\/sites\\\/2\\\/2022\\\/06\\\/Stop_Geste-1024x1024.jpg\",\"keywords\":[\"autonomes Nervensystem\",\"Bindungstrauma\",\"Entwicklungstrauma\",\"Posttraumatische Belastungsst\u00f6rung\",\"Schocktrauma\"],\"articleSection\":[\"Heal your heart\"],\"inLanguage\":\"en-GB\"},{\"@type\":\"WebPage\",\"@id\":\"https:\\\/\\\/danielaamberg.de\\\/en\\\/grenzen-setzen-nein-sagen-warum-es-beangstigend-sein-kann\\\/\",\"url\":\"https:\\\/\\\/danielaamberg.de\\\/en\\\/grenzen-setzen-nein-sagen-warum-es-beangstigend-sein-kann\\\/\",\"name\":\"Grenzen setzen & nein sagen\",\"isPartOf\":{\"@id\":\"https:\\\/\\\/danielaamberg.de\\\/en\\\/#website\"},\"primaryImageOfPage\":{\"@id\":\"https:\\\/\\\/danielaamberg.de\\\/en\\\/grenzen-setzen-nein-sagen-warum-es-beangstigend-sein-kann\\\/#primaryimage\"},\"image\":{\"@id\":\"https:\\\/\\\/danielaamberg.de\\\/en\\\/grenzen-setzen-nein-sagen-warum-es-beangstigend-sein-kann\\\/#primaryimage\"},\"thumbnailUrl\":\"http:\\\/\\\/danielaamberg.de\\\/en\\\/wp-content\\\/uploads\\\/sites\\\/2\\\/2022\\\/06\\\/Stop_Geste-1024x1024.jpg\",\"datePublished\":\"2022-06-19T16:22:50+00:00\",\"dateModified\":\"2023-08-15T14:09:42+00:00\",\"author\":{\"@id\":\"https:\\\/\\\/danielaamberg.de\\\/en\\\/#\\\/schema\\\/person\\\/3c20a2d0e634dabddd4bc1c9471eb2db\"},\"description\":\"Grenzen zu setzen und nein zu sagen ist f\u00fcr viele von uns schwierig. Einer der Gr\u00fcnde daf\u00fcr ist, dass es in der Vergangenheit nicht sicher\",\"breadcrumb\":{\"@id\":\"https:\\\/\\\/danielaamberg.de\\\/en\\\/grenzen-setzen-nein-sagen-warum-es-beangstigend-sein-kann\\\/#breadcrumb\"},\"inLanguage\":\"en-GB\",\"potentialAction\":[{\"@type\":\"ReadAction\",\"target\":[\"https:\\\/\\\/danielaamberg.de\\\/en\\\/grenzen-setzen-nein-sagen-warum-es-beangstigend-sein-kann\\\/\"]}]},{\"@type\":\"ImageObject\",\"inLanguage\":\"en-GB\",\"@id\":\"https:\\\/\\\/danielaamberg.de\\\/en\\\/grenzen-setzen-nein-sagen-warum-es-beangstigend-sein-kann\\\/#primaryimage\",\"url\":\"http:\\\/\\\/danielaamberg.de\\\/en\\\/wp-content\\\/uploads\\\/sites\\\/2\\\/2022\\\/06\\\/Stop_Geste-1024x1024.jpg\",\"contentUrl\":\"http:\\\/\\\/danielaamberg.de\\\/en\\\/wp-content\\\/uploads\\\/sites\\\/2\\\/2022\\\/06\\\/Stop_Geste-1024x1024.jpg\"},{\"@type\":\"BreadcrumbList\",\"@id\":\"https:\\\/\\\/danielaamberg.de\\\/en\\\/grenzen-setzen-nein-sagen-warum-es-beangstigend-sein-kann\\\/#breadcrumb\",\"itemListElement\":[{\"@type\":\"ListItem\",\"position\":1,\"name\":\"Startseite\",\"item\":\"https:\\\/\\\/danielaamberg.de\\\/en\\\/\"},{\"@type\":\"ListItem\",\"position\":2,\"name\":\"Grenzen setzen &#038; nein sagen: warum es be\u00e4ngstigend sein kann\"}]},{\"@type\":\"WebSite\",\"@id\":\"https:\\\/\\\/danielaamberg.de\\\/en\\\/#website\",\"url\":\"https:\\\/\\\/danielaamberg.de\\\/en\\\/\",\"name\":\"Daniela Amberg\",\"description\":\"Life coach\",\"potentialAction\":[{\"@type\":\"SearchAction\",\"target\":{\"@type\":\"EntryPoint\",\"urlTemplate\":\"https:\\\/\\\/danielaamberg.de\\\/en\\\/?s={search_term_string}\"},\"query-input\":{\"@type\":\"PropertyValueSpecification\",\"valueRequired\":true,\"valueName\":\"search_term_string\"}}],\"inLanguage\":\"en-GB\"},{\"@type\":\"Person\",\"@id\":\"https:\\\/\\\/danielaamberg.de\\\/en\\\/#\\\/schema\\\/person\\\/3c20a2d0e634dabddd4bc1c9471eb2db\",\"name\":\"danielaamberg\",\"url\":\"https:\\\/\\\/danielaamberg.de\\\/en\\\/author\\\/danielaamberg\\\/\"}]}<\/script>\n<!-- \/ Yoast SEO plugin. -->","yoast_head_json":{"title":"Grenzen setzen & nein sagen","description":"Grenzen zu setzen und nein zu sagen ist f\u00fcr viele von uns schwierig. Einer der Gr\u00fcnde daf\u00fcr ist, dass es in der Vergangenheit nicht sicher","robots":{"index":"index","follow":"follow","max-snippet":"max-snippet:-1","max-image-preview":"max-image-preview:large","max-video-preview":"max-video-preview:-1"},"canonical":"https:\/\/danielaamberg.de\/en\/grenzen-setzen-nein-sagen-warum-es-beangstigend-sein-kann\/","og_locale":"en_GB","og_type":"article","og_title":"Grenzen setzen & nein sagen","og_description":"Grenzen zu setzen und nein zu sagen ist f\u00fcr viele von uns schwierig. Einer der Gr\u00fcnde daf\u00fcr ist, dass es in der Vergangenheit nicht sicher","og_url":"https:\/\/danielaamberg.de\/en\/grenzen-setzen-nein-sagen-warum-es-beangstigend-sein-kann\/","og_site_name":"Daniela Amberg","article_publisher":"https:\/\/www.facebook.com\/lifecoachdanielaamberg\/","article_published_time":"2022-06-19T16:22:50+00:00","article_modified_time":"2023-08-15T14:09:42+00:00","og_image":[{"url":"http:\/\/danielaamberg.de\/en\/wp-content\/uploads\/sites\/2\/2022\/06\/Stop_Geste-1024x1024.jpg","type":"","width":"","height":""}],"author":"danielaamberg","twitter_card":"summary_large_image","twitter_misc":{"Written by":"danielaamberg","Estimated reading time":"3 minutes"},"schema":{"@context":"https:\/\/schema.org","@graph":[{"@type":"Article","@id":"https:\/\/danielaamberg.de\/en\/grenzen-setzen-nein-sagen-warum-es-beangstigend-sein-kann\/#article","isPartOf":{"@id":"https:\/\/danielaamberg.de\/en\/grenzen-setzen-nein-sagen-warum-es-beangstigend-sein-kann\/"},"author":{"name":"danielaamberg","@id":"https:\/\/danielaamberg.de\/en\/#\/schema\/person\/3c20a2d0e634dabddd4bc1c9471eb2db"},"headline":"Grenzen setzen &#038; nein sagen: warum es be\u00e4ngstigend sein kann","datePublished":"2022-06-19T16:22:50+00:00","dateModified":"2023-08-15T14:09:42+00:00","mainEntityOfPage":{"@id":"https:\/\/danielaamberg.de\/en\/grenzen-setzen-nein-sagen-warum-es-beangstigend-sein-kann\/"},"wordCount":683,"image":{"@id":"https:\/\/danielaamberg.de\/en\/grenzen-setzen-nein-sagen-warum-es-beangstigend-sein-kann\/#primaryimage"},"thumbnailUrl":"http:\/\/danielaamberg.de\/en\/wp-content\/uploads\/sites\/2\/2022\/06\/Stop_Geste-1024x1024.jpg","keywords":["autonomes Nervensystem","Bindungstrauma","Entwicklungstrauma","Posttraumatische Belastungsst\u00f6rung","Schocktrauma"],"articleSection":["Heal your heart"],"inLanguage":"en-GB"},{"@type":"WebPage","@id":"https:\/\/danielaamberg.de\/en\/grenzen-setzen-nein-sagen-warum-es-beangstigend-sein-kann\/","url":"https:\/\/danielaamberg.de\/en\/grenzen-setzen-nein-sagen-warum-es-beangstigend-sein-kann\/","name":"Grenzen setzen & nein sagen","isPartOf":{"@id":"https:\/\/danielaamberg.de\/en\/#website"},"primaryImageOfPage":{"@id":"https:\/\/danielaamberg.de\/en\/grenzen-setzen-nein-sagen-warum-es-beangstigend-sein-kann\/#primaryimage"},"image":{"@id":"https:\/\/danielaamberg.de\/en\/grenzen-setzen-nein-sagen-warum-es-beangstigend-sein-kann\/#primaryimage"},"thumbnailUrl":"http:\/\/danielaamberg.de\/en\/wp-content\/uploads\/sites\/2\/2022\/06\/Stop_Geste-1024x1024.jpg","datePublished":"2022-06-19T16:22:50+00:00","dateModified":"2023-08-15T14:09:42+00:00","author":{"@id":"https:\/\/danielaamberg.de\/en\/#\/schema\/person\/3c20a2d0e634dabddd4bc1c9471eb2db"},"description":"Grenzen zu setzen und nein zu sagen ist f\u00fcr viele von uns schwierig. Einer der Gr\u00fcnde daf\u00fcr ist, dass es in der Vergangenheit nicht sicher","breadcrumb":{"@id":"https:\/\/danielaamberg.de\/en\/grenzen-setzen-nein-sagen-warum-es-beangstigend-sein-kann\/#breadcrumb"},"inLanguage":"en-GB","potentialAction":[{"@type":"ReadAction","target":["https:\/\/danielaamberg.de\/en\/grenzen-setzen-nein-sagen-warum-es-beangstigend-sein-kann\/"]}]},{"@type":"ImageObject","inLanguage":"en-GB","@id":"https:\/\/danielaamberg.de\/en\/grenzen-setzen-nein-sagen-warum-es-beangstigend-sein-kann\/#primaryimage","url":"http:\/\/danielaamberg.de\/en\/wp-content\/uploads\/sites\/2\/2022\/06\/Stop_Geste-1024x1024.jpg","contentUrl":"http:\/\/danielaamberg.de\/en\/wp-content\/uploads\/sites\/2\/2022\/06\/Stop_Geste-1024x1024.jpg"},{"@type":"BreadcrumbList","@id":"https:\/\/danielaamberg.de\/en\/grenzen-setzen-nein-sagen-warum-es-beangstigend-sein-kann\/#breadcrumb","itemListElement":[{"@type":"ListItem","position":1,"name":"Startseite","item":"https:\/\/danielaamberg.de\/en\/"},{"@type":"ListItem","position":2,"name":"Grenzen setzen &#038; nein sagen: warum es be\u00e4ngstigend sein kann"}]},{"@type":"WebSite","@id":"https:\/\/danielaamberg.de\/en\/#website","url":"https:\/\/danielaamberg.de\/en\/","name":"Daniela Amberg","description":"Life coach","potentialAction":[{"@type":"SearchAction","target":{"@type":"EntryPoint","urlTemplate":"https:\/\/danielaamberg.de\/en\/?s={search_term_string}"},"query-input":{"@type":"PropertyValueSpecification","valueRequired":true,"valueName":"search_term_string"}}],"inLanguage":"en-GB"},{"@type":"Person","@id":"https:\/\/danielaamberg.de\/en\/#\/schema\/person\/3c20a2d0e634dabddd4bc1c9471eb2db","name":"danielaamberg","url":"https:\/\/danielaamberg.de\/en\/author\/danielaamberg\/"}]}},"_links":{"self":[{"href":"https:\/\/danielaamberg.de\/en\/wp-json\/wp\/v2\/posts\/785","targetHints":{"allow":["GET"]}}],"collection":[{"href":"https:\/\/danielaamberg.de\/en\/wp-json\/wp\/v2\/posts"}],"about":[{"href":"https:\/\/danielaamberg.de\/en\/wp-json\/wp\/v2\/types\/post"}],"author":[{"embeddable":true,"href":"https:\/\/danielaamberg.de\/en\/wp-json\/wp\/v2\/users\/2"}],"replies":[{"embeddable":true,"href":"https:\/\/danielaamberg.de\/en\/wp-json\/wp\/v2\/comments?post=785"}],"version-history":[{"count":9,"href":"https:\/\/danielaamberg.de\/en\/wp-json\/wp\/v2\/posts\/785\/revisions"}],"predecessor-version":[{"id":1002,"href":"https:\/\/danielaamberg.de\/en\/wp-json\/wp\/v2\/posts\/785\/revisions\/1002"}],"wp:attachment":[{"href":"https:\/\/danielaamberg.de\/en\/wp-json\/wp\/v2\/media?parent=785"}],"wp:term":[{"taxonomy":"category","embeddable":true,"href":"https:\/\/danielaamberg.de\/en\/wp-json\/wp\/v2\/categories?post=785"},{"taxonomy":"post_tag","embeddable":true,"href":"https:\/\/danielaamberg.de\/en\/wp-json\/wp\/v2\/tags?post=785"}],"curies":[{"name":"wp","href":"https:\/\/api.w.org\/{rel}","templated":true}]}}